{"id":1102,"date":"2017-08-20T11:56:34","date_gmt":"2017-08-20T16:56:34","guid":{"rendered":"http:\/\/clinicapenaranda.com\/?p=1102"},"modified":"2017-08-20T11:56:34","modified_gmt":"2017-08-20T16:56:34","slug":"blefaritis-inflamacion-los-parpados","status":"publish","type":"post","link":"https:\/\/clinicapenaranda.com\/en\/blefaritis-inflamacion-los-parpados\/","title":{"rendered":"Blefaritis &#8211; Inflamaci\u00f3n de los p\u00e1rpados"},"content":{"rendered":"<p>El Dr. Carlos Ivan Pe\u00f1aranda, nos habla sobre la inflamaci\u00f3n en los p\u00e1rpados.<\/p>\n<p>La blefaritis tambi\u00e9n se relaciona con trastornos de piel tales como ros\u00e1cea ocular, seborrea. Con frecuencia, la blefaritis y la conjuntivitis aparecen al mismo tiempo, esta enfermedad es cr\u00f3nica y puede empezar desde la infancia hasta la edad adulta.<\/p>\n<p>Lo primero que ocurre en la blefaritis, es un da\u00f1o en la capa al lado de la l\u00e1grima el cual comienza a crearse bacterias, este microbio irrita el ojo y adem\u00e1s producen toxinas que terminan de generar m\u00e1s infecci\u00f3n en el ojo, este ambiente da\u00f1ado lo puede aprovechar un par\u00e1sito llamado demodex, que se fija en la base de las pesta\u00f1as y producen m\u00e1s inflamaci\u00f3n.<\/p>\n<p>\u00bfQuieres conocer m\u00e1s sobre las enfermedad?, Mira el v\u00eddeo que se encuentra abajo, \u00a1Note lo pierdas!<\/p>\n<p><iframe loading=\"lazy\" title=\"Blefaritis - Inflamaci\u00f3n de los parpados\" width=\"1220\" height=\"686\" src=\"https:\/\/www.youtube.com\/embed\/AXIQEOlO8KE?feature=oembed\" frameborder=\"0\" allow=\"accelerometer; autoplay; clipboard-write; encrypted-media; gyroscope; picture-in-picture; web-share\" allowfullscreen><\/iframe><\/p>\n","protected":false},"excerpt":{"rendered":"<p>El Dr. Carlos Ivan Pe\u00f1aranda, nos habla sobre la inflamaci\u00f3n en los p\u00e1rpados. La blefaritis tambi\u00e9n se relaciona con trastornos de piel tales como ros\u00e1cea ocular, seborrea. Con frecuencia, la<span class=\"excerpt-hellip\"> [\u2026]<\/span><\/p>\n","protected":false},"author":1,"featured_media":1103,"comment_status":"closed","ping_status":"open","sticky":false,"template":"","format":"standard","meta":{"_joinchat":[],"footnotes":""},"categories":[7],"tags":[28,25,20,46,30],"class_list":["post-1102","post","type-post","status-publish","format-standard","has-post-thumbnail","hentry","category-noticias-y-actualidad","tag-enfermedad","tag-ojo","tag-preguntas-frecuentes","tag-salud-visual","tag-tratamiento"],"_links":{"self":[{"href":"https:\/\/clinicapenaranda.com\/en\/wp-json\/wp\/v2\/posts\/1102","targetHints":{"allow":["GET"]}}],"collection":[{"href":"https:\/\/clinicapenaranda.com\/en\/wp-json\/wp\/v2\/posts"}],"about":[{"href":"https:\/\/clinicapenaranda.com\/en\/wp-json\/wp\/v2\/types\/post"}],"author":[{"embeddable":true,"href":"https:\/\/clinicapenaranda.com\/en\/wp-json\/wp\/v2\/users\/1"}],"replies":[{"embeddable":true,"href":"https:\/\/clinicapenaranda.com\/en\/wp-json\/wp\/v2\/comments?post=1102"}],"version-history":[{"count":0,"href":"https:\/\/clinicapenaranda.com\/en\/wp-json\/wp\/v2\/posts\/1102\/revisions"}],"wp:featuredmedia":[{"embeddable":true,"href":"https:\/\/clinicapenaranda.com\/en\/wp-json\/wp\/v2\/media\/1103"}],"wp:attachment":[{"href":"https:\/\/clinicapenaranda.com\/en\/wp-json\/wp\/v2\/media?parent=1102"}],"wp:term":[{"taxonomy":"category","embeddable":true,"href":"https:\/\/clinicapenaranda.com\/en\/wp-json\/wp\/v2\/categories?post=1102"},{"taxonomy":"post_tag","embeddable":true,"href":"https:\/\/clinicapenaranda.com\/en\/wp-json\/wp\/v2\/tags?post=1102"}],"curies":[{"name":"wp","href":"https:\/\/api.w.org\/{rel}","templated":true}]}}