{"id":1193,"date":"2017-10-22T21:51:42","date_gmt":"2017-10-23T02:51:42","guid":{"rendered":"http:\/\/clinicapenaranda.com\/?p=1193"},"modified":"2017-10-22T21:51:42","modified_gmt":"2017-10-23T02:51:42","slug":"uso-prolongado-gafas-crea-dependencia-ellas","status":"publish","type":"post","link":"https:\/\/clinicapenaranda.com\/en\/uso-prolongado-gafas-crea-dependencia-ellas\/","title":{"rendered":"\u00bfEl uso prolongado de gafas crea dependencia de ellas?"},"content":{"rendered":"<p><strong>FALSO<\/strong><\/p>\n<p>El uso de gafas por periodos prolongados, NO causa dependencia, por el contrario, si una persona necesita llevar gafas graduadas mejorar\u00e1 su calidad de vida y su confort visual.<\/p>\n<p>Lo que\u00a0 sucede es que cuando una persona tiene un defecto visual, pero nunca ha usado lentes correctivos, no sabe c\u00f3mo es ver bien. Al colocarse los lentes, notar\u00e1 la mejor\u00eda en su visi\u00f3n, y al retirarlos nota como su visi\u00f3n vuelve a de caer al mismo nivel de siempre. Es decir, nota la diferencia entre ver bien con gafas y mal sin ellas, y por supuesto, ve mejor el estado en que la visi\u00f3n es buena usando la correcci\u00f3n.<\/p>\n<p>Se asemeja a alguien que se encuentre en clima fr\u00edo y se queja del fr\u00edo al quitarse la chaqueta.<\/p>\n<p><img loading=\"lazy\" decoding=\"async\" class=\"wp-image-1194 aligncenter\" src=\"http:\/\/clinicapenaranda.com\/wp-content\/uploads\/2017\/10\/mitos_sobre_el_cuidado_de_los_ojos-300x201.jpg\" alt=\"\" width=\"505\" height=\"338\" srcset=\"https:\/\/clinicapenaranda.com\/wp-content\/uploads\/2017\/10\/mitos_sobre_el_cuidado_de_los_ojos-300x201.jpg 300w, https:\/\/clinicapenaranda.com\/wp-content\/uploads\/2017\/10\/mitos_sobre_el_cuidado_de_los_ojos-218x146.jpg 218w, https:\/\/clinicapenaranda.com\/wp-content\/uploads\/2017\/10\/mitos_sobre_el_cuidado_de_los_ojos-50x33.jpg 50w, https:\/\/clinicapenaranda.com\/wp-content\/uploads\/2017\/10\/mitos_sobre_el_cuidado_de_los_ojos-112x75.jpg 112w, https:\/\/clinicapenaranda.com\/wp-content\/uploads\/2017\/10\/mitos_sobre_el_cuidado_de_los_ojos.jpg 700w\" sizes=\"auto, (max-width:767px) 480px, 505px\" \/><\/p>\n","protected":false},"excerpt":{"rendered":"<p>FALSO El uso de gafas por periodos prolongados, NO causa dependencia, por el contrario, si una persona necesita llevar gafas graduadas mejorar\u00e1 su calidad de vida y su confort visual.<span class=\"excerpt-hellip\"> [\u2026]<\/span><\/p>\n","protected":false},"author":1,"featured_media":1194,"comment_status":"closed","ping_status":"open","sticky":false,"template":"","format":"standard","meta":{"_joinchat":[],"footnotes":""},"categories":[7],"tags":[20,46,41],"class_list":["post-1193","post","type-post","status-publish","format-standard","has-post-thumbnail","hentry","category-noticias-y-actualidad","tag-preguntas-frecuentes","tag-salud-visual","tag-vision"],"_links":{"self":[{"href":"https:\/\/clinicapenaranda.com\/en\/wp-json\/wp\/v2\/posts\/1193","targetHints":{"allow":["GET"]}}],"collection":[{"href":"https:\/\/clinicapenaranda.com\/en\/wp-json\/wp\/v2\/posts"}],"about":[{"href":"https:\/\/clinicapenaranda.com\/en\/wp-json\/wp\/v2\/types\/post"}],"author":[{"embeddable":true,"href":"https:\/\/clinicapenaranda.com\/en\/wp-json\/wp\/v2\/users\/1"}],"replies":[{"embeddable":true,"href":"https:\/\/clinicapenaranda.com\/en\/wp-json\/wp\/v2\/comments?post=1193"}],"version-history":[{"count":0,"href":"https:\/\/clinicapenaranda.com\/en\/wp-json\/wp\/v2\/posts\/1193\/revisions"}],"wp:featuredmedia":[{"embeddable":true,"href":"https:\/\/clinicapenaranda.com\/en\/wp-json\/wp\/v2\/media\/1194"}],"wp:attachment":[{"href":"https:\/\/clinicapenaranda.com\/en\/wp-json\/wp\/v2\/media?parent=1193"}],"wp:term":[{"taxonomy":"category","embeddable":true,"href":"https:\/\/clinicapenaranda.com\/en\/wp-json\/wp\/v2\/categories?post=1193"},{"taxonomy":"post_tag","embeddable":true,"href":"https:\/\/clinicapenaranda.com\/en\/wp-json\/wp\/v2\/tags?post=1193"}],"curies":[{"name":"wp","href":"https:\/\/api.w.org\/{rel}","templated":true}]}}